{"id":1881,"date":"2022-05-11T21:58:51","date_gmt":"2022-05-11T19:58:51","guid":{"rendered":"https:\/\/neustadtbremen.de\/visavis\/?p=1881"},"modified":"2022-05-20T11:45:37","modified_gmt":"2022-05-20T09:45:37","slug":"sommersummarum2022-2","status":"publish","type":"post","link":"https:\/\/neustadtbremen.de\/visavis\/sommersummarum2022-2\/","title":{"rendered":"Praktikant:in wanted"},"content":{"rendered":"<div id=\"pl-1881\"  class=\"panel-layout\" ><div id=\"pg-1881-0\"  class=\"panel-grid panel-no-style\" ><div id=\"pgc-1881-0-0\"  class=\"panel-grid-cell\" ><div id=\"panel-1881-0-0-0\" class=\"so-panel widget widget_sow-editor panel-first-child panel-last-child\" data-index=\"0\" ><div\n\t\t\t\n\t\t\tclass=\"so-widget-sow-editor so-widget-sow-editor-base\"\n\t\t\t\n\t\t><h3 class=\"widget-title\">Praktikanten f\u00fcr SummerSounds gesucht<\/h3>\n<div class=\"siteorigin-widget-tinymce textwidget\">\n\t<p><strong><img decoding=\"async\" loading=\"lazy\" class=\"alignright size-medium wp-image-1882\" src=\"https:\/\/neustadtbremen.de\/visavis\/wp-content\/uploads\/sites\/2\/2022\/05\/Wanted-300x300.jpg\" alt=\"\" width=\"300\" height=\"300\" srcset=\"https:\/\/neustadtbremen.de\/visavis\/wp-content\/uploads\/sites\/2\/2022\/05\/Wanted-300x300.jpg 300w, https:\/\/neustadtbremen.de\/visavis\/wp-content\/uploads\/sites\/2\/2022\/05\/Wanted-150x150.jpg 150w, https:\/\/neustadtbremen.de\/visavis\/wp-content\/uploads\/sites\/2\/2022\/05\/Wanted-768x768.jpg 768w, https:\/\/neustadtbremen.de\/visavis\/wp-content\/uploads\/sites\/2\/2022\/05\/Wanted-500x500.jpg 500w, https:\/\/neustadtbremen.de\/visavis\/wp-content\/uploads\/sites\/2\/2022\/05\/Wanted.jpg 1024w\" sizes=\"(max-width: 300px) 100vw, 300px\" \/>Werde Teil des Teams<br \/>\n<\/strong><strong>Praktikanten f\u00fcr SummerSounds <\/strong><strong>gesucht<\/strong><\/p>\n<p>Das Musik- und Kulturfestival SummerSounds \u2013 ist das Kulturereignis der Neustadt und zugleich eins der gro\u00dfen Publikumsfestival Bremens.<\/p>\n<p>F\u00fcr die Eventorganisation des Festivals suchen wir ab sofort aufgeschlossene Praktikanten mit Interesse f\u00fcr Musik, Festivals und Nachhaltigkeit:<\/p>\n<ul>\n<li><strong>Medien und Kommunikation<\/strong><\/li>\n<li><strong>Presse- und \u00d6ffentlichkeitsarbeit<\/strong><\/li>\n<li><strong>Eventorganisation<\/strong><\/li>\n<\/ul>\n<p><strong>Das w\u00fcnschen wir uns:<\/strong><\/p>\n<p>- Selbstst\u00e4ndigkeit, Eigeninitiative und Einsatzbereitschaft<br \/>\n- Leidenschaft f\u00fcr Musik, Kultur und Nachhaltigkeit<br \/>\n- Ausgepr\u00e4gte Affinit\u00e4t zu neuen Medien und digitalen Trends<br \/>\n- Interesse und Aufgeschlossenheit f\u00fcr Politik, Kultur und Musik<br \/>\n- Sicherer Umgang mit den g\u00e4ngigen Microsoft Office-Programmen (Word, Outlook,<br \/>\nExcel) und Bildbearbeitungsprogramme<br \/>\n- Englisch und Deutsch flie\u00dfend in Wort und Schrift sind von Vorteil<\/p>\n<p>Na, interessiert? Schicke uns Deinen Lebenslauf und ein kurzes Anschreiben\/Motivationsschreiben mit Deinem m\u00f6glichen Einstiegstermin<br \/>\nan <a href=\"mailto:dietze@neustadtbremen.de\">dietze@neustadtbremen.de<\/a> oder ruf uns an 0176 23845469!<\/p>\n<p><strong>\u00a0<\/strong><\/p>\n<p><strong>Ein Praktikum setzt voraus<\/strong>, dass Du Dich in einer Ausbildung bzw. einem Studium befindest. Da die Praktika zum Teil l\u00e4nger als drei Monate dauern, f\u00fcge bitte auch den Nachweis bei, dass die Studienordnung ein Pflichtpraktikum vorsieht, und wie viele Monate hierf\u00fcr vorgesehen sind.<\/p>\n<p><strong>Weitere Infos \u00fcber uns findest Du hier:<br \/>\n<\/strong><a href=\"http:\/\/www.neustadtbremen.de\/\">www.neustadtbremen.de<\/a><br \/>\n<a href=\"http:\/\/www.summersounds.de\/\">www.summersounds.de<\/a><\/p>\n<\/div>\n<\/div><\/div><\/div><\/div><\/div>","protected":false},"excerpt":{"rendered":"<p>Werde Teil des Teams<\/p>\n","protected":false},"author":3,"featured_media":1882,"comment_status":"open","ping_status":"open","sticky":false,"template":"","format":"standard","meta":[],"categories":[2],"tags":[],"acf":[],"_links":{"self":[{"href":"https:\/\/neustadtbremen.de\/visavis\/wp-json\/wp\/v2\/posts\/1881"}],"collection":[{"href":"https:\/\/neustadtbremen.de\/visavis\/wp-json\/wp\/v2\/posts"}],"about":[{"href":"https:\/\/neustadtbremen.de\/visavis\/wp-json\/wp\/v2\/types\/post"}],"author":[{"embeddable":true,"href":"https:\/\/neustadtbremen.de\/visavis\/wp-json\/wp\/v2\/users\/3"}],"replies":[{"embeddable":true,"href":"https:\/\/neustadtbremen.de\/visavis\/wp-json\/wp\/v2\/comments?post=1881"}],"version-history":[{"count":4,"href":"https:\/\/neustadtbremen.de\/visavis\/wp-json\/wp\/v2\/posts\/1881\/revisions"}],"predecessor-version":[{"id":1889,"href":"https:\/\/neustadtbremen.de\/visavis\/wp-json\/wp\/v2\/posts\/1881\/revisions\/1889"}],"wp:featuredmedia":[{"embeddable":true,"href":"https:\/\/neustadtbremen.de\/visavis\/wp-json\/wp\/v2\/media\/1882"}],"wp:attachment":[{"href":"https:\/\/neustadtbremen.de\/visavis\/wp-json\/wp\/v2\/media?parent=1881"}],"wp:term":[{"taxonomy":"category","embeddable":true,"href":"https:\/\/neustadtbremen.de\/visavis\/wp-json\/wp\/v2\/categories?post=1881"},{"taxonomy":"post_tag","embeddable":true,"href":"https:\/\/neustadtbremen.de\/visavis\/wp-json\/wp\/v2\/tags?post=1881"}],"curies":[{"name":"wp","href":"https:\/\/api.w.org\/{rel}","templated":true}]}}