{"id":1261,"date":"2019-06-11T16:54:25","date_gmt":"2019-06-11T14:54:25","guid":{"rendered":"https:\/\/neustadtbremen.de\/visavis\/?p=1261"},"modified":"2019-06-20T11:26:07","modified_gmt":"2019-06-20T09:26:07","slug":"vis-a-vis-mit-moves","status":"publish","type":"post","link":"https:\/\/neustadtbremen.de\/visavis\/vis-a-vis-mit-moves\/","title":{"rendered":"Vis-\u00e0-vis mit Moves"},"content":{"rendered":"<div id=\"pl-1261\"  class=\"panel-layout\" ><div id=\"pg-1261-0\"  class=\"panel-grid panel-no-style\" ><div id=\"pgc-1261-0-0\"  class=\"panel-grid-cell\" ><div id=\"panel-1261-0-0-0\" class=\"so-panel widget widget_sow-editor panel-first-child panel-last-child\" data-index=\"0\" ><div\n\t\t\t\n\t\t\tclass=\"so-widget-sow-editor so-widget-sow-editor-base\"\n\t\t\t\n\t\t><h3 class=\"widget-title\">In Bewegung bei Moves.<\/h3>\n<div class=\"siteorigin-widget-tinymce textwidget\">\n\t<p><img decoding=\"async\" loading=\"lazy\" class=\"size-medium wp-image-1250 alignleft\" src=\"https:\/\/neustadtbremen.de\/visavis\/wp-content\/uploads\/sites\/2\/2019\/06\/P1020764-300x225.jpg\" alt=\"\" width=\"300\" height=\"225\" srcset=\"https:\/\/neustadtbremen.de\/visavis\/wp-content\/uploads\/sites\/2\/2019\/06\/P1020764-300x225.jpg 300w, https:\/\/neustadtbremen.de\/visavis\/wp-content\/uploads\/sites\/2\/2019\/06\/P1020764-768x576.jpg 768w, https:\/\/neustadtbremen.de\/visavis\/wp-content\/uploads\/sites\/2\/2019\/06\/P1020764-1024x768.jpg 1024w, https:\/\/neustadtbremen.de\/visavis\/wp-content\/uploads\/sites\/2\/2019\/06\/P1020764-500x375.jpg 500w\" sizes=\"(max-width: 300px) 100vw, 300px\" \/>Langes Wochenende, Pfingsten und-zack-ist schon wieder Dienstag! F\u00fcr mich bedeutet das auch VIS-A-VIEnstag.<\/p>\n<p>Im Vorfeld hatte ich mich mit Anne und Arton von <a href=\"https:\/\/www.facebook.com\/mymovesorg\/\" target=\"_blank\" rel=\"noopener\">Moves<\/a> auf ein Date im Neust\u00e4dter Bahnhof verabredet. F\u00fcr mich war der Neust\u00e4dter Bahnhof immer eher ein Ort, an dem ich von der Au\u00dfenwirkung her eher geheime<\/p>\n<p><img decoding=\"async\" loading=\"lazy\" class=\"size-medium wp-image-1260 alignleft\" src=\"https:\/\/neustadtbremen.de\/visavis\/wp-content\/uploads\/sites\/2\/2019\/06\/Bahnhof-Neustadt-klein-300x225.jpg\" alt=\"\" width=\"300\" height=\"225\" srcset=\"https:\/\/neustadtbremen.de\/visavis\/wp-content\/uploads\/sites\/2\/2019\/06\/Bahnhof-Neustadt-klein-300x225.jpg 300w, https:\/\/neustadtbremen.de\/visavis\/wp-content\/uploads\/sites\/2\/2019\/06\/Bahnhof-Neustadt-klein-768x576.jpg 768w, https:\/\/neustadtbremen.de\/visavis\/wp-content\/uploads\/sites\/2\/2019\/06\/Bahnhof-Neustadt-klein.jpg 1024w, https:\/\/neustadtbremen.de\/visavis\/wp-content\/uploads\/sites\/2\/2019\/06\/Bahnhof-Neustadt-klein-500x375.jpg 500w\" sizes=\"(max-width: 300px) 100vw, 300px\" \/>Untergrund-Raves vermutete. Umso \u00fcberraschter war ich, dass sich der Bahnhof mittlerweile ganz sch\u00f6n gemausert hat.<\/p>\n<p>&nbsp;<\/p>\n<p>&nbsp;<\/p>\n<p>&nbsp;<\/p>\n<p>&nbsp;<\/p>\n<p><img decoding=\"async\" loading=\"lazy\" class=\"size-medium wp-image-1251 alignright\" src=\"https:\/\/neustadtbremen.de\/visavis\/wp-content\/uploads\/sites\/2\/2019\/06\/P1020765-300x225.jpg\" alt=\"\" width=\"300\" height=\"225\" srcset=\"https:\/\/neustadtbremen.de\/visavis\/wp-content\/uploads\/sites\/2\/2019\/06\/P1020765-300x225.jpg 300w, https:\/\/neustadtbremen.de\/visavis\/wp-content\/uploads\/sites\/2\/2019\/06\/P1020765-768x576.jpg 768w, https:\/\/neustadtbremen.de\/visavis\/wp-content\/uploads\/sites\/2\/2019\/06\/P1020765-1024x768.jpg 1024w, https:\/\/neustadtbremen.de\/visavis\/wp-content\/uploads\/sites\/2\/2019\/06\/P1020765-500x375.jpg 500w\" sizes=\"(max-width: 300px) 100vw, 300px\" \/>Fix das Lastenrad abgestellt, ging es dann auf der rechten Seite zum Eingang von Moves. Der erste Eindruck der R\u00e4umlichkeiten ist offen, gro\u00dfz\u00fcgig und lichtdurchflutet. Ein krasser Kontrast zur dunklen Fassade und dem Graffiti des Bahnhofs. Empfangen wurde ich von den beiden in ihrem - momentan noch provisorischen- B\u00fcro.<\/p>\n<p>&nbsp;<\/p>\n<p>&nbsp;<\/p>\n<p>&nbsp;<\/p>\n<p><img decoding=\"async\" loading=\"lazy\" class=\"size-medium wp-image-1252 alignleft\" src=\"https:\/\/neustadtbremen.de\/visavis\/wp-content\/uploads\/sites\/2\/2019\/06\/P1020770-300x225.jpg\" alt=\"\" width=\"300\" height=\"225\" srcset=\"https:\/\/neustadtbremen.de\/visavis\/wp-content\/uploads\/sites\/2\/2019\/06\/P1020770-300x225.jpg 300w, https:\/\/neustadtbremen.de\/visavis\/wp-content\/uploads\/sites\/2\/2019\/06\/P1020770-768x576.jpg 768w, https:\/\/neustadtbremen.de\/visavis\/wp-content\/uploads\/sites\/2\/2019\/06\/P1020770-1024x768.jpg 1024w, https:\/\/neustadtbremen.de\/visavis\/wp-content\/uploads\/sites\/2\/2019\/06\/P1020770-500x375.jpg 500w\" sizes=\"(max-width: 300px) 100vw, 300px\" \/><\/p>\n<p>Anne und Arton f\u00fchren gemeinsam zwei Unternehmen: Art Vision Productions und <a href=\"http:\/\/my-moves.org\/\" target=\"_blank\" rel=\"noopener\">Moves<\/a>. Beides wird hier in R\u00e4umlichkeiten im Neust\u00e4dter Bahnhof verwaltet. Hier haben Sie die Urban Station geschaffen, einen Ort der zu ihnen geh\u00f6rt und auch f\u00fcr Projekte und Produktionen von Moves genutzt werden kann.Zwei Firmen: Art Vision productions - Verwaltung von Urban Station.<\/p>\n<p>Moves ist gemeinn\u00fctzig und ist aus dem Wunsch der beiden entstanden, der gesellschaftlichen Ver\u00e4nderung durch Kunst und Kultur beizutragen. Moves ist eine Plattform f\u00fcr verschiedene kreative und k\u00fcnstlerische Angebote, die prim\u00e4r mit Jugendlichen \u00fcberall in Bremen durchgef\u00fchrt werden. In der Urban Station werden zuk\u00fcnftig verschiedenste kostenfreie und kostenpflichtige Projekte und Produktionen stattfinden.<\/p>\n<p><img decoding=\"async\" loading=\"lazy\" class=\"alignright size-medium wp-image-1259\" src=\"https:\/\/neustadtbremen.de\/visavis\/wp-content\/uploads\/sites\/2\/2019\/06\/P1020785-300x225.jpg\" alt=\"\" width=\"300\" height=\"225\" srcset=\"https:\/\/neustadtbremen.de\/visavis\/wp-content\/uploads\/sites\/2\/2019\/06\/P1020785-300x225.jpg 300w, https:\/\/neustadtbremen.de\/visavis\/wp-content\/uploads\/sites\/2\/2019\/06\/P1020785-768x576.jpg 768w, https:\/\/neustadtbremen.de\/visavis\/wp-content\/uploads\/sites\/2\/2019\/06\/P1020785-1024x768.jpg 1024w, https:\/\/neustadtbremen.de\/visavis\/wp-content\/uploads\/sites\/2\/2019\/06\/P1020785-500x375.jpg 500w\" sizes=\"(max-width: 300px) 100vw, 300px\" \/><\/p>\n<p>\"Was macht f\u00fcr euch Kultur in der Neustadt aus?\". Nach kurzen \u00dcberlegen sind sich beide einig: Zwar ist Kultur auch stadtteil\u00fcbergreifend, in der Neustadt gibt es jedoch einfach viel. Viel was? Viele Angebote, viele Institutionen und vor allem viele Junge und Motivierte. Alles in allem eine engagierte Kultur-Szene. Hier bestimmt nicht die Mehrheitsgesellschaft, Kultur wird von verschiedensten Vertretern gepr\u00e4gt und gestaltet.<\/p>\n<p>\"Und was tragt ihr zur Kultur in der Neustadt bei?\". Die Antwort kommt von Arton wie aus der Pistole geschossen: \"Eine neue Szene!\". Einer der Bereiche von Moves ist angekn\u00fcpft an die fr\u00fche Hip Hop Kultur. Der Fokus soll hier allerdings auf den Idealen der anf\u00e4nglichen Hip Hop-Subkultur liegen: Gegen Gewalt, gegen Drogen, gegen Sexismus und f\u00fcr Gleichberechtigung.<\/p>\n<p>K\u00fcnstlerisch ist Moves vom Team her sehr breit aufgestellt. Gemeinsam m\u00f6chte Moves Zug\u00e4nge in verschiedenste Richtungen vermitteln: zu Tanz, Theater, Film, Graffiti und Poetry Slam. Eine Palette an verschiedenen Kunstrichtungen. Total passend im Ambiente des Bahnhofs. In Zusammenarbeit mit Art Vision Productions wird bei einem hohen k\u00fcnstlerischen und professionellen Anspruch das Soziale mit dem Kommerziellen verkn\u00fcpft. Einen Einblick in die vielf\u00e4ltigen Produktionen k\u00f6nnt ihr auf dem <a href=\"https:\/\/summersounds.de\/\" target=\"_blank\" rel=\"noopener\">SummerSounds Festival in der Neustadt<\/a> erlangen.<\/p>\n<p><img decoding=\"async\" loading=\"lazy\" class=\"size-medium wp-image-1258 alignleft\" src=\"https:\/\/neustadtbremen.de\/visavis\/wp-content\/uploads\/sites\/2\/2019\/06\/P1020782-300x225.jpg\" alt=\"\" width=\"300\" height=\"225\" srcset=\"https:\/\/neustadtbremen.de\/visavis\/wp-content\/uploads\/sites\/2\/2019\/06\/P1020782-300x225.jpg 300w, https:\/\/neustadtbremen.de\/visavis\/wp-content\/uploads\/sites\/2\/2019\/06\/P1020782-768x576.jpg 768w, https:\/\/neustadtbremen.de\/visavis\/wp-content\/uploads\/sites\/2\/2019\/06\/P1020782-1024x768.jpg 1024w, https:\/\/neustadtbremen.de\/visavis\/wp-content\/uploads\/sites\/2\/2019\/06\/P1020782-500x375.jpg 500w\" sizes=\"(max-width: 300px) 100vw, 300px\" \/>Bisher war Moves schon stark vernetzt. Vom Kulturnetzwerk <a href=\"https:\/\/neustadtbremen.de\/visavis\" target=\"_blank\" rel=\"noopener\">VIS-A-VIS<\/a> w\u00fcnschen sich beide neue Begegnungen. Beide geben sich sehr optimistisch, da in der Neustadt schon eine junge Szene vorhanden sei, mit der sie sich identifizieren k\u00f6nnen. \"Man hat die gleiche Denkweise und dann teilt man auch von Anfang an Gedankengut. Das ist irgendwie sch\u00f6n.\" meint Anne.<\/p>\n<p>An die R\u00e4ume in dem Bahnhof sind sie durch einen Zufall \u00fcber Kollegen gelangt. \" Da mussten wir nicht lange \u00fcberlegen und haben uns sofort entschieden.\" . -Save the Date- Am Freitag den 16.August wird die Urban Station offiziell er\u00f6ffnet. Samstag und Sonntag gibt es verschiedene Workshops, um das Angebot kennenzulernen. Es sind viele Aktionen f\u00fcr Kinder, Jugendliche und auch Eltern geplant. Alle Kunstbereiche, die in der Urban Station Zuhause sein sollen werden vertreten sein. \"Es gibt bestimmt eine Party am Freitagabend.\" fl\u00fcstert Anne. \"Bestimmt\" fl\u00fcstert Arton zur\u00fcck. Ich f\u00fcr meinen Teil freue mich schon auf die Er\u00f6ffnung und werde mir den Auftritt von Moves definitiv auf dem SummerSounds ansehen. Die Neustadt und Moves? Auf jeden Fall eine tolle Paarung.<\/p>\n<p>Bis zum n\u00e4chsten VIS-A-VIEnstag,<\/p>\n<p>Soleij<\/p>\n<p>&nbsp;<\/p>\n<p><strong>Fotos:<\/strong> Soleij Mahina Reif<\/p>\n<p>Ihr habt noch\u00a0<strong>Fragen<\/strong>? Dann meldet euch<strong>\u00a0<\/strong><strong>bei uns<\/strong>!<\/p>\n<p><strong>Neustadt Stadtteilmanagement<\/strong><br \/>\n<strong>Social Media Redaktion<\/strong><br \/>\nTel: 0421 41 66 979<br \/>\nMail:\u00a0<a href=\"mailto:mail@neustadtbremen.de\">mail@neustadtbremen.de<\/a><\/p>\n<\/div>\n<\/div><\/div><\/div><\/div><\/div>","protected":false},"excerpt":{"rendered":"<p>Redakteurin Soleij on the move zu Move!<\/p>\n","protected":false},"author":3,"featured_media":1248,"comment_status":"open","ping_status":"open","sticky":false,"template":"","format":"standard","meta":[],"categories":[2],"tags":[],"acf":[],"_links":{"self":[{"href":"https:\/\/neustadtbremen.de\/visavis\/wp-json\/wp\/v2\/posts\/1261"}],"collection":[{"href":"https:\/\/neustadtbremen.de\/visavis\/wp-json\/wp\/v2\/posts"}],"about":[{"href":"https:\/\/neustadtbremen.de\/visavis\/wp-json\/wp\/v2\/types\/post"}],"author":[{"embeddable":true,"href":"https:\/\/neustadtbremen.de\/visavis\/wp-json\/wp\/v2\/users\/3"}],"replies":[{"embeddable":true,"href":"https:\/\/neustadtbremen.de\/visavis\/wp-json\/wp\/v2\/comments?post=1261"}],"version-history":[{"count":17,"href":"https:\/\/neustadtbremen.de\/visavis\/wp-json\/wp\/v2\/posts\/1261\/revisions"}],"predecessor-version":[{"id":1291,"href":"https:\/\/neustadtbremen.de\/visavis\/wp-json\/wp\/v2\/posts\/1261\/revisions\/1291"}],"wp:featuredmedia":[{"embeddable":true,"href":"https:\/\/neustadtbremen.de\/visavis\/wp-json\/wp\/v2\/media\/1248"}],"wp:attachment":[{"href":"https:\/\/neustadtbremen.de\/visavis\/wp-json\/wp\/v2\/media?parent=1261"}],"wp:term":[{"taxonomy":"category","embeddable":true,"href":"https:\/\/neustadtbremen.de\/visavis\/wp-json\/wp\/v2\/categories?post=1261"},{"taxonomy":"post_tag","embeddable":true,"href":"https:\/\/neustadtbremen.de\/visavis\/wp-json\/wp\/v2\/tags?post=1261"}],"curies":[{"name":"wp","href":"https:\/\/api.w.org\/{rel}","templated":true}]}}